{"id":3511,"date":"2021-11-12T10:28:37","date_gmt":"2021-11-12T10:28:37","guid":{"rendered":"https:\/\/donostiajesuitak.org\/2021\/11\/12\/el-aprendizaje-personalizado-a-traves-del-desarrollo-de-la-autonomia\/"},"modified":"2022-10-05T11:16:37","modified_gmt":"2022-10-05T09:16:37","slug":"ikasketa-pertsonalizatua-autonomiaren-lanketaren-bidez","status":"publish","type":"post","link":"https:\/\/donostiajesuitak.org\/eu\/2021\/11\/12\/ikasketa-pertsonalizatua-autonomiaren-lanketaren-bidez\/","title":{"rendered":"Ikasketa pertsonalizatua autonomiaren lanketaren bidez"},"content":{"rendered":"<p style=\"text-align: justify;\">Pertsona oro iristen gara mundu honetara paregabe egiten gaituzten talentu eta gaitasunekin. Denak anitzak, desberdinak. Denak apartak. Batzuetan ordea, zaila egiten zaigu identifikatzea. Zein eragin du ikasteko moduak honetan?<\/p>\n<p style=\"text-align: justify;\">Mundua askotarikoen leku den bezala, gure ikasleak ere askotarikoak dira. Horregatik, Jesuitak Donostian gure ikasleei euren talentua bilatzen, identifikatzen eta indartzen lagundu nahi diegu. Ikasketa ibilbide pertsonalizatu bat eskaini, gure onena emanez, ikasle bakoitzaren bertsiorik onena garatzeko.<\/p>\n<p style=\"text-align: justify;\">Nola lantzen dugu pertsonalizazioa? Gaur badakigu ikasketa pertsonalizatua bermatzeko autonomiaren lanketa funtsezkoa dela. Autonomiaren garapena ez da modu automatikoan ematen. Autonomia modu pautatu, sistematizatu eta planifikatuan landu behar dugu, eta horretan gabiltza murgilduta. Lehen Hezkuntzako hezitzaileek bideo honetan azaltzen digute nola lan egiten dugu.<\/p>\n<p style=\"text-align: justify;\"><a href=\"https:\/\/donostiajesuitak.org\/eu\/matrikulazioa\/\" target=\"_blank\" rel=\"noopener\">Gehiago jakin nahi al duzu?<\/a><\/p>\n<p style=\"text-align: justify;\"><iframe loading=\"lazy\" title=\"YouTube video player\" src=\"https:\/\/www.youtube.com\/embed\/htAxAbvyy3c\" width=\"560\" height=\"315\" frameborder=\"0\" allowfullscreen=\"allowfullscreen\"><\/iframe><\/p>\n","protected":false},"excerpt":{"rendered":"<p>Pertsona oro iristen gara mundu honetara paregabe egiten gaituzten talentu eta gaitasunekin. Denak anitzak, desberdinak. Denak apartak. Batzuetan ordea, zaila egiten zaigu identifikatzea. Zein eragin du ikasteko moduak honetan? Mundua askotarikoen leku den bezala, gure ikasleak ere askotarikoak dira. Horregatik, Jesuitak Donostian gure ikasleei euren talentua bilatzen, identifikatzen eta indartzen lagundu nahi diegu. Ikasketa ibilbide [&hellip;]<\/p>\n","protected":false},"author":3,"featured_media":4699,"comment_status":"open","ping_status":"open","sticky":false,"template":"","format":"standard","meta":{"_et_pb_use_builder":"","_et_pb_old_content":"","_et_gb_content_width":"","footnotes":""},"categories":[2],"tags":[532,533,545,546,538,547],"class_list":["post-3511","post","type-post","status-publish","format-standard","has-post-thumbnail","hentry","category-berriak","tag-autonomiaren-garapena-eu","tag-desarrollo-de-la-autonomia-eu","tag-ikasketa-pertsonalizatua-eu","tag-jesuitak-donostia-eredua-eu","tag-modelo-jesuitak-donostia-eu","tag-personalizacion-eu"],"yoast_head":"<!-- This site is optimized with the Yoast SEO plugin v27.1.1 - https:\/\/yoast.com\/product\/yoast-seo-wordpress\/ -->\n<title>Personalizaci\u00f3n a trav\u00e9s del desarrollo de la autonom\u00eda. Jesuitak Donostia<\/title>\n<meta name=\"description\" content=\"Para hacer posible la personalizaci\u00f3n en Jesuitak Donostia sabemos que trabajar la autonom\u00eda es fundamental. \u00bfC\u00f3mo lo hacemo en primaria?\" \/>\n<meta name=\"robots\" content=\"index, follow, max-snippet:-1, max-image-preview:large, max-video-preview:-1\" \/>\n<link rel=\"canonical\" href=\"https:\/\/donostiajesuitak.org\/eu\/2021\/11\/12\/ikasketa-pertsonalizatua-autonomiaren-lanketaren-bidez\/\" \/>\n<meta property=\"og:locale\" content=\"eu_ES\" \/>\n<meta property=\"og:type\" content=\"article\" \/>\n<meta property=\"og:title\" content=\"Personalizaci\u00f3n a trav\u00e9s del desarrollo de la autonom\u00eda. Jesuitak Donostia\" \/>\n<meta property=\"og:description\" content=\"Para hacer posible la personalizaci\u00f3n en Jesuitak Donostia sabemos que trabajar la autonom\u00eda es fundamental. \u00bfC\u00f3mo lo hacemo en primaria?\" \/>\n<meta property=\"og:url\" content=\"https:\/\/donostiajesuitak.org\/eu\/2021\/11\/12\/ikasketa-pertsonalizatua-autonomiaren-lanketaren-bidez\/\" \/>\n<meta property=\"og:site_name\" content=\"Jesuitak\" \/>\n<meta property=\"article:published_time\" content=\"2021-11-12T10:28:37+00:00\" \/>\n<meta property=\"article:modified_time\" content=\"2022-10-05T09:16:37+00:00\" \/>\n<meta property=\"og:image\" content=\"https:\/\/donostiajesuitak.org\/wp-content\/uploads\/2021\/11\/autonomia_jesuitak-donostia_personalizacion.jpg\" \/>\n\t<meta property=\"og:image:width\" content=\"1200\" \/>\n\t<meta property=\"og:image:height\" content=\"800\" \/>\n\t<meta property=\"og:image:type\" content=\"image\/jpeg\" \/>\n<meta name=\"author\" content=\"Jesuitak\" \/>\n<meta name=\"twitter:card\" content=\"summary_large_image\" \/>\n<meta name=\"twitter:label1\" content=\"Written by\" \/>\n\t<meta name=\"twitter:data1\" content=\"Jesuitak\" \/>\n\t<meta name=\"twitter:label2\" content=\"Est. reading time\" \/>\n\t<meta name=\"twitter:data2\" content=\"1 minute\" \/>\n<script type=\"application\/ld+json\" class=\"yoast-schema-graph\">{\"@context\":\"https:\/\/schema.org\",\"@graph\":[{\"@type\":\"Article\",\"@id\":\"https:\/\/donostiajesuitak.org\/eu\/2021\/11\/12\/ikasketa-pertsonalizatua-autonomiaren-lanketaren-bidez\/#article\",\"isPartOf\":{\"@id\":\"https:\/\/donostiajesuitak.org\/eu\/2021\/11\/12\/ikasketa-pertsonalizatua-autonomiaren-lanketaren-bidez\/\"},\"author\":{\"name\":\"Jesuitak\",\"@id\":\"https:\/\/donostiajesuitak.org\/#\/schema\/person\/b1c083672dea0c16526d87a755e6db0f\"},\"headline\":\"Ikasketa pertsonalizatua autonomiaren lanketaren bidez\",\"datePublished\":\"2021-11-12T10:28:37+00:00\",\"dateModified\":\"2022-10-05T09:16:37+00:00\",\"mainEntityOfPage\":{\"@id\":\"https:\/\/donostiajesuitak.org\/eu\/2021\/11\/12\/ikasketa-pertsonalizatua-autonomiaren-lanketaren-bidez\/\"},\"wordCount\":120,\"commentCount\":0,\"image\":{\"@id\":\"https:\/\/donostiajesuitak.org\/eu\/2021\/11\/12\/ikasketa-pertsonalizatua-autonomiaren-lanketaren-bidez\/#primaryimage\"},\"thumbnailUrl\":\"https:\/\/donostiajesuitak.org\/wp-content\/uploads\/2021\/11\/autonomia_jesuitak-donostia_personalizacion.jpg\",\"keywords\":[\"autonomiaren garapena\",\"desarrollo de la autonom\u00eda\",\"ikasketa pertsonalizatua\",\"jesuitak donostia eredua\",\"modelo jesuitak donostia\",\"personalizaci\u00f3n\"],\"articleSection\":[\"Berriak\"],\"inLanguage\":\"eu-ES\",\"potentialAction\":[{\"@type\":\"CommentAction\",\"name\":\"Comment\",\"target\":[\"https:\/\/donostiajesuitak.org\/eu\/2021\/11\/12\/ikasketa-pertsonalizatua-autonomiaren-lanketaren-bidez\/#respond\"]}]},{\"@type\":\"WebPage\",\"@id\":\"https:\/\/donostiajesuitak.org\/eu\/2021\/11\/12\/ikasketa-pertsonalizatua-autonomiaren-lanketaren-bidez\/\",\"url\":\"https:\/\/donostiajesuitak.org\/eu\/2021\/11\/12\/ikasketa-pertsonalizatua-autonomiaren-lanketaren-bidez\/\",\"name\":\"Personalizaci\u00f3n a trav\u00e9s del desarrollo de la autonom\u00eda. Jesuitak Donostia\",\"isPartOf\":{\"@id\":\"https:\/\/donostiajesuitak.org\/#website\"},\"primaryImageOfPage\":{\"@id\":\"https:\/\/donostiajesuitak.org\/eu\/2021\/11\/12\/ikasketa-pertsonalizatua-autonomiaren-lanketaren-bidez\/#primaryimage\"},\"image\":{\"@id\":\"https:\/\/donostiajesuitak.org\/eu\/2021\/11\/12\/ikasketa-pertsonalizatua-autonomiaren-lanketaren-bidez\/#primaryimage\"},\"thumbnailUrl\":\"https:\/\/donostiajesuitak.org\/wp-content\/uploads\/2021\/11\/autonomia_jesuitak-donostia_personalizacion.jpg\",\"datePublished\":\"2021-11-12T10:28:37+00:00\",\"dateModified\":\"2022-10-05T09:16:37+00:00\",\"author\":{\"@id\":\"https:\/\/donostiajesuitak.org\/#\/schema\/person\/b1c083672dea0c16526d87a755e6db0f\"},\"description\":\"Para hacer posible la personalizaci\u00f3n en Jesuitak Donostia sabemos que trabajar la autonom\u00eda es fundamental. \u00bfC\u00f3mo lo hacemo en primaria?\",\"breadcrumb\":{\"@id\":\"https:\/\/donostiajesuitak.org\/eu\/2021\/11\/12\/ikasketa-pertsonalizatua-autonomiaren-lanketaren-bidez\/#breadcrumb\"},\"inLanguage\":\"eu-ES\",\"potentialAction\":[{\"@type\":\"ReadAction\",\"target\":[\"https:\/\/donostiajesuitak.org\/eu\/2021\/11\/12\/ikasketa-pertsonalizatua-autonomiaren-lanketaren-bidez\/\"]}]},{\"@type\":\"ImageObject\",\"inLanguage\":\"eu-ES\",\"@id\":\"https:\/\/donostiajesuitak.org\/eu\/2021\/11\/12\/ikasketa-pertsonalizatua-autonomiaren-lanketaren-bidez\/#primaryimage\",\"url\":\"https:\/\/donostiajesuitak.org\/wp-content\/uploads\/2021\/11\/autonomia_jesuitak-donostia_personalizacion.jpg\",\"contentUrl\":\"https:\/\/donostiajesuitak.org\/wp-content\/uploads\/2021\/11\/autonomia_jesuitak-donostia_personalizacion.jpg\",\"width\":1200,\"height\":800},{\"@type\":\"BreadcrumbList\",\"@id\":\"https:\/\/donostiajesuitak.org\/eu\/2021\/11\/12\/ikasketa-pertsonalizatua-autonomiaren-lanketaren-bidez\/#breadcrumb\",\"itemListElement\":[{\"@type\":\"ListItem\",\"position\":1,\"name\":\"Portada\",\"item\":\"https:\/\/donostiajesuitak.org\/eu\/hasiera\/\"},{\"@type\":\"ListItem\",\"position\":2,\"name\":\"Ikasketa pertsonalizatua autonomiaren lanketaren bidez\"}]},{\"@type\":\"WebSite\",\"@id\":\"https:\/\/donostiajesuitak.org\/#website\",\"url\":\"https:\/\/donostiajesuitak.org\/\",\"name\":\"Jesuitak\",\"description\":\"Jesuitak\",\"potentialAction\":[{\"@type\":\"SearchAction\",\"target\":{\"@type\":\"EntryPoint\",\"urlTemplate\":\"https:\/\/donostiajesuitak.org\/?s={search_term_string}\"},\"query-input\":{\"@type\":\"PropertyValueSpecification\",\"valueRequired\":true,\"valueName\":\"search_term_string\"}}],\"inLanguage\":\"eu-ES\"},{\"@type\":\"Person\",\"@id\":\"https:\/\/donostiajesuitak.org\/#\/schema\/person\/b1c083672dea0c16526d87a755e6db0f\",\"name\":\"Jesuitak\",\"image\":{\"@type\":\"ImageObject\",\"inLanguage\":\"eu-ES\",\"@id\":\"https:\/\/donostiajesuitak.org\/#\/schema\/person\/image\/\",\"url\":\"https:\/\/secure.gravatar.com\/avatar\/beb6e54dea91a498f801f56a247e8bb38ce5eafbd3ae30f16aace39214866d02?s=96&d=mm&r=g\",\"contentUrl\":\"https:\/\/secure.gravatar.com\/avatar\/beb6e54dea91a498f801f56a247e8bb38ce5eafbd3ae30f16aace39214866d02?s=96&d=mm&r=g\",\"caption\":\"Jesuitak\"},\"url\":\"https:\/\/donostiajesuitak.org\/eu\/author\/jesuitak\/\"}]}<\/script>\n<!-- \/ Yoast SEO plugin. -->","yoast_head_json":{"title":"Personalizaci\u00f3n a trav\u00e9s del desarrollo de la autonom\u00eda. Jesuitak Donostia","description":"Para hacer posible la personalizaci\u00f3n en Jesuitak Donostia sabemos que trabajar la autonom\u00eda es fundamental. \u00bfC\u00f3mo lo hacemo en primaria?","robots":{"index":"index","follow":"follow","max-snippet":"max-snippet:-1","max-image-preview":"max-image-preview:large","max-video-preview":"max-video-preview:-1"},"canonical":"https:\/\/donostiajesuitak.org\/eu\/2021\/11\/12\/ikasketa-pertsonalizatua-autonomiaren-lanketaren-bidez\/","og_locale":"eu_ES","og_type":"article","og_title":"Personalizaci\u00f3n a trav\u00e9s del desarrollo de la autonom\u00eda. Jesuitak Donostia","og_description":"Para hacer posible la personalizaci\u00f3n en Jesuitak Donostia sabemos que trabajar la autonom\u00eda es fundamental. \u00bfC\u00f3mo lo hacemo en primaria?","og_url":"https:\/\/donostiajesuitak.org\/eu\/2021\/11\/12\/ikasketa-pertsonalizatua-autonomiaren-lanketaren-bidez\/","og_site_name":"Jesuitak","article_published_time":"2021-11-12T10:28:37+00:00","article_modified_time":"2022-10-05T09:16:37+00:00","og_image":[{"width":1200,"height":800,"url":"https:\/\/donostiajesuitak.org\/wp-content\/uploads\/2021\/11\/autonomia_jesuitak-donostia_personalizacion.jpg","type":"image\/jpeg"}],"author":"Jesuitak","twitter_card":"summary_large_image","twitter_misc":{"Written by":"Jesuitak","Est. reading time":"1 minute"},"schema":{"@context":"https:\/\/schema.org","@graph":[{"@type":"Article","@id":"https:\/\/donostiajesuitak.org\/eu\/2021\/11\/12\/ikasketa-pertsonalizatua-autonomiaren-lanketaren-bidez\/#article","isPartOf":{"@id":"https:\/\/donostiajesuitak.org\/eu\/2021\/11\/12\/ikasketa-pertsonalizatua-autonomiaren-lanketaren-bidez\/"},"author":{"name":"Jesuitak","@id":"https:\/\/donostiajesuitak.org\/#\/schema\/person\/b1c083672dea0c16526d87a755e6db0f"},"headline":"Ikasketa pertsonalizatua autonomiaren lanketaren bidez","datePublished":"2021-11-12T10:28:37+00:00","dateModified":"2022-10-05T09:16:37+00:00","mainEntityOfPage":{"@id":"https:\/\/donostiajesuitak.org\/eu\/2021\/11\/12\/ikasketa-pertsonalizatua-autonomiaren-lanketaren-bidez\/"},"wordCount":120,"commentCount":0,"image":{"@id":"https:\/\/donostiajesuitak.org\/eu\/2021\/11\/12\/ikasketa-pertsonalizatua-autonomiaren-lanketaren-bidez\/#primaryimage"},"thumbnailUrl":"https:\/\/donostiajesuitak.org\/wp-content\/uploads\/2021\/11\/autonomia_jesuitak-donostia_personalizacion.jpg","keywords":["autonomiaren garapena","desarrollo de la autonom\u00eda","ikasketa pertsonalizatua","jesuitak donostia eredua","modelo jesuitak donostia","personalizaci\u00f3n"],"articleSection":["Berriak"],"inLanguage":"eu-ES","potentialAction":[{"@type":"CommentAction","name":"Comment","target":["https:\/\/donostiajesuitak.org\/eu\/2021\/11\/12\/ikasketa-pertsonalizatua-autonomiaren-lanketaren-bidez\/#respond"]}]},{"@type":"WebPage","@id":"https:\/\/donostiajesuitak.org\/eu\/2021\/11\/12\/ikasketa-pertsonalizatua-autonomiaren-lanketaren-bidez\/","url":"https:\/\/donostiajesuitak.org\/eu\/2021\/11\/12\/ikasketa-pertsonalizatua-autonomiaren-lanketaren-bidez\/","name":"Personalizaci\u00f3n a trav\u00e9s del desarrollo de la autonom\u00eda. Jesuitak Donostia","isPartOf":{"@id":"https:\/\/donostiajesuitak.org\/#website"},"primaryImageOfPage":{"@id":"https:\/\/donostiajesuitak.org\/eu\/2021\/11\/12\/ikasketa-pertsonalizatua-autonomiaren-lanketaren-bidez\/#primaryimage"},"image":{"@id":"https:\/\/donostiajesuitak.org\/eu\/2021\/11\/12\/ikasketa-pertsonalizatua-autonomiaren-lanketaren-bidez\/#primaryimage"},"thumbnailUrl":"https:\/\/donostiajesuitak.org\/wp-content\/uploads\/2021\/11\/autonomia_jesuitak-donostia_personalizacion.jpg","datePublished":"2021-11-12T10:28:37+00:00","dateModified":"2022-10-05T09:16:37+00:00","author":{"@id":"https:\/\/donostiajesuitak.org\/#\/schema\/person\/b1c083672dea0c16526d87a755e6db0f"},"description":"Para hacer posible la personalizaci\u00f3n en Jesuitak Donostia sabemos que trabajar la autonom\u00eda es fundamental. \u00bfC\u00f3mo lo hacemo en primaria?","breadcrumb":{"@id":"https:\/\/donostiajesuitak.org\/eu\/2021\/11\/12\/ikasketa-pertsonalizatua-autonomiaren-lanketaren-bidez\/#breadcrumb"},"inLanguage":"eu-ES","potentialAction":[{"@type":"ReadAction","target":["https:\/\/donostiajesuitak.org\/eu\/2021\/11\/12\/ikasketa-pertsonalizatua-autonomiaren-lanketaren-bidez\/"]}]},{"@type":"ImageObject","inLanguage":"eu-ES","@id":"https:\/\/donostiajesuitak.org\/eu\/2021\/11\/12\/ikasketa-pertsonalizatua-autonomiaren-lanketaren-bidez\/#primaryimage","url":"https:\/\/donostiajesuitak.org\/wp-content\/uploads\/2021\/11\/autonomia_jesuitak-donostia_personalizacion.jpg","contentUrl":"https:\/\/donostiajesuitak.org\/wp-content\/uploads\/2021\/11\/autonomia_jesuitak-donostia_personalizacion.jpg","width":1200,"height":800},{"@type":"BreadcrumbList","@id":"https:\/\/donostiajesuitak.org\/eu\/2021\/11\/12\/ikasketa-pertsonalizatua-autonomiaren-lanketaren-bidez\/#breadcrumb","itemListElement":[{"@type":"ListItem","position":1,"name":"Portada","item":"https:\/\/donostiajesuitak.org\/eu\/hasiera\/"},{"@type":"ListItem","position":2,"name":"Ikasketa pertsonalizatua autonomiaren lanketaren bidez"}]},{"@type":"WebSite","@id":"https:\/\/donostiajesuitak.org\/#website","url":"https:\/\/donostiajesuitak.org\/","name":"Jesuitak","description":"Jesuitak","potentialAction":[{"@type":"SearchAction","target":{"@type":"EntryPoint","urlTemplate":"https:\/\/donostiajesuitak.org\/?s={search_term_string}"},"query-input":{"@type":"PropertyValueSpecification","valueRequired":true,"valueName":"search_term_string"}}],"inLanguage":"eu-ES"},{"@type":"Person","@id":"https:\/\/donostiajesuitak.org\/#\/schema\/person\/b1c083672dea0c16526d87a755e6db0f","name":"Jesuitak","image":{"@type":"ImageObject","inLanguage":"eu-ES","@id":"https:\/\/donostiajesuitak.org\/#\/schema\/person\/image\/","url":"https:\/\/secure.gravatar.com\/avatar\/beb6e54dea91a498f801f56a247e8bb38ce5eafbd3ae30f16aace39214866d02?s=96&d=mm&r=g","contentUrl":"https:\/\/secure.gravatar.com\/avatar\/beb6e54dea91a498f801f56a247e8bb38ce5eafbd3ae30f16aace39214866d02?s=96&d=mm&r=g","caption":"Jesuitak"},"url":"https:\/\/donostiajesuitak.org\/eu\/author\/jesuitak\/"}]}},"_links":{"self":[{"href":"https:\/\/donostiajesuitak.org\/eu\/wp-json\/wp\/v2\/posts\/3511","targetHints":{"allow":["GET"]}}],"collection":[{"href":"https:\/\/donostiajesuitak.org\/eu\/wp-json\/wp\/v2\/posts"}],"about":[{"href":"https:\/\/donostiajesuitak.org\/eu\/wp-json\/wp\/v2\/types\/post"}],"author":[{"embeddable":true,"href":"https:\/\/donostiajesuitak.org\/eu\/wp-json\/wp\/v2\/users\/3"}],"replies":[{"embeddable":true,"href":"https:\/\/donostiajesuitak.org\/eu\/wp-json\/wp\/v2\/comments?post=3511"}],"version-history":[{"count":3,"href":"https:\/\/donostiajesuitak.org\/eu\/wp-json\/wp\/v2\/posts\/3511\/revisions"}],"predecessor-version":[{"id":5295,"href":"https:\/\/donostiajesuitak.org\/eu\/wp-json\/wp\/v2\/posts\/3511\/revisions\/5295"}],"wp:featuredmedia":[{"embeddable":true,"href":"https:\/\/donostiajesuitak.org\/eu\/wp-json\/wp\/v2\/media\/4699"}],"wp:attachment":[{"href":"https:\/\/donostiajesuitak.org\/eu\/wp-json\/wp\/v2\/media?parent=3511"}],"wp:term":[{"taxonomy":"category","embeddable":true,"href":"https:\/\/donostiajesuitak.org\/eu\/wp-json\/wp\/v2\/categories?post=3511"},{"taxonomy":"post_tag","embeddable":true,"href":"https:\/\/donostiajesuitak.org\/eu\/wp-json\/wp\/v2\/tags?post=3511"}],"curies":[{"name":"wp","href":"https:\/\/api.w.org\/{rel}","templated":true}]}}