{"id":3785,"date":"2018-12-26T12:21:22","date_gmt":"2018-12-26T12:21:22","guid":{"rendered":"https:\/\/donostiajesuitak.org\/2018\/12\/26\/errefuxiatu-bat-beste-edonor-bezalako-pertsona-bat-dela-eta-gure-betebeharra-gizakiak-garen-aldetik-erantzun-duin-bat-ematea\/"},"modified":"2022-09-15T16:01:47","modified_gmt":"2022-09-15T14:01:47","slug":"errefuxiatu-bat-beste-edonor-bezalako-pertsona-bat-dela-eta-gure-betebeharra-gizakiak-garen-aldetik-erantzun-duin-bat-ematea","status":"publish","type":"post","link":"https:\/\/donostiajesuitak.org\/eu\/2018\/12\/26\/errefuxiatu-bat-beste-edonor-bezalako-pertsona-bat-dela-eta-gure-betebeharra-gizakiak-garen-aldetik-erantzun-duin-bat-ematea\/","title":{"rendered":"Errefuxiatu bat beste edonor bezalako pertsona bat dela, eta gure betebeharra gizakiak garen aldetik, erantzun duin bat ematea."},"content":{"rendered":"<p style=\"text-align: justify;\">Pasa den astean gure ikastetxeko ikasleek I\u00f1igo Gutierrez ikasle ohiarekin elkartzeko aukera izan zuten. Ogibidez publizista izanik, I\u00f1igok Itsas Salbamendu Humanitario taldearekin elkarlanean aritzen da duela urte batzudanik, pertsona errefuxiatuei lagunduz Chios Irlan eta Mediterraneoan. Egoera hau ezagutzera emateak duen garrantziaz jabetuta, I\u00f1igok kontzientziazio lan handia burutzen du XXI. mendean sinesgaitzak diren errealitateetara gerturatzen gaituzten hitzaldiak emanaz.<\/p>\n<p style=\"text-align: justify;\"><strong>Denbora daramazu Chioseko errefuxiatuek bizi duten egoeraren inguruko hitzaldiak ematen. Noiz eta zergatik erabaki zenuen bertan bizi diren pertsonen egoera ezagutzera eraman behar zenuela?<\/strong><br \/>\nChiosetik lehenengo aldiz itzuli nintzenean argi ikusi nuen. Iristen diren albiste guztiak (iristen zirenak, jada ez baita albistea), ez ziren arazoaren handitasuna ez krudeltasuna islatzeko gai, eta erakunde bezala, hemen, etxean, sentsibilizazio ekintzak burutzea beharrezkoa zela ulertu genuen. Hitzaldiena nahiko modu eraginkorra da horretarako.<\/p>\n<p style=\"text-align: justify;\"><strong>Iazko hitzaldian Europan gai honen inguruan egindako itunaren ondoren Chiosen bizi diren pertsonek izan duten egoera aldaketa aipatu zenuen. Zeintzuk izan dira itun honen ondorio nagusiak?<\/strong><br \/>\nOndorio nagusia Europara iristen diren pertsonek bizitza berri bat berregiteko esperantza guztiz itzaltzea izan da. EB-k linbo juridiko bat antolatu du eta ondorioz, europar kostaldera iristen den edonork hondoa jotzen du, ez du axola nor den edo zergatik bidaiatu duen. Gaur egun milaka dira stand by egoera batean trabatuta dauden pertsonak eta euren etorkizuna ainguratuta daukatenak, abiatzeko inongo aukerarik gabe.<\/p>\n<p style=\"text-align: justify;\"><strong>Ikasleek entzuteko aukera izan zituzten testigantzen arabera, \u201cJust wait\u201d da Chiosen harrapatuta dauden pertsonek jasotzen duten erantzun bakarra. Nola deskribatuko zenuke euren egoera?<\/strong><br \/>\nChiosek gaur egun \u201cerrefuxiatu kanpamentu\u201d bakarra dago, zeina errealitatean, giza zabortegi bat den. Kanpamenduak 800 pertsonentzako lekua zuen eta egun, 2.500 baina gehiago dira bertan pilatuta dauden pertsonak. Olanazko dendatan bizi dira, lokatz artean, nazkagarriak diren janari errazioak jasoaz egunero. Hiritik 15 kilometrotara daudenez ez dute kanpamendutik mugitzeko aukerarik. Irlan dagoen gure mediku taldea, armada taldearekin batera, jasotzen duten laguntza mediku bakarra da. Egoera definitu behar banuke&#8230;ikaragarria. Negua oso oso gogorra da irlan, -5 graduko tenperaturetara iritsiaz. Horri klima hezea gehituz gero, drama egoera bat ekartzen du bertakoentzat.<\/p>\n<p style=\"text-align: justify;\"><strong>Nolakoa da Chiosen dagoen boluntario baten egunerokoa?<\/strong><br \/>\nEzin da jakin zer gertatuko den, gogorra da. Porturatze bat gertatu daiteke, hau da, txalupa baten iritsiera irlara edozein ordutan. Kanpamenduan larrialdiko sorospen bat eskatu diezagukete uneoro. Iristen diren boluntarioei hala esaten zaie; jan eta lo egin ahal bezain pronto, ez dakizu aukera hori berriz noiz izango duzun eta. Badaude lasaitasun uneak, baina lasaitasun iruzurtia da beti, izan ere, larrialdi zerbitzu bat gara eta hauek gutxien espero duzunean ematen dira. Boluntarioak 15 eguneko eperako joaten dira, denboraldi luzeagoak gogorregiak izango lirateke. Eguneko 24 orduz prest egon beharreko 15 egun dira.<\/p>\n<p style=\"text-align: justify;\"><strong>Zein da egoera honetan dauden pertsona errefuxiatuekin zaudenean aurre egin behar duzun egoerarik zailena?<\/strong><br \/>\nBeraien aurrean egoteak sortarazten digun lotsa sentimendua. Bizkarra eman dion mundu horren parte zarela sentitzen duzu eta ez da eramaten erraza. Gainera, zein egoera bizitzen dituzten ikusten duzunean, zein egoeratan bidaiatzen duten (txalupak tranpa hilkorrak dira), haur bat hotzagatik negarrez ikusten duzunean; gauzen zentzua topatzen saiatzen zara baina mundua zoratu egin dela sentitzen duzu. Zein delitu burutu dute horrela tratatuak izateko? Gudatik, gosetetik eta jazarpenetik ihes egitea? Ezin ote dugu gure izate lasaitik zerbait sakrifikatu, behar dutenekin partekatzeko? Une honetan gure laguntza behar duten pertsonak besterik ez dira. Eta denetarik daukagu emateko.<\/p>\n<p style=\"text-align: justify;\"><strong>Ikastetxeko Ikasle Ohi bezala, zer moduz sentitu zara zure esperientzia partekatzean?<\/strong><br \/>\nHunkigarria izan da. Ikastetxean igarotako urteetako milaka oroitzapen etortzen dira gogora. Sentsazio atsegina izan zen nolabait bueltan egotea.<\/p>\n<p style=\"text-align: justify;\"><strong>Zure bizipenak 1. Batxilergoko ikasleekin eta zentroko hezitzaileekin partekatu zenituen. Zer azpimarratuko zenuke hitzaldi hauetatik? Zerk piztu zuen zure harreta talde bakoitzetik?<\/strong><br \/>\nOhikoa den modura, hitzaldiak aztoratuta hasten dira, normala da. Baina emanaldia aurrera doan heinean beti berdina gertatzen da, isilpean amaitzen dute. Ikusten dutenak eragin egiten die. Galderak sakonak eta egokiak izan ziren. Beren gaztetasunaz gain, igortzen ari garen mezua primeran ulertu zutela uste dut. Eta horrela erakutsi zuten beren galderek.<\/p>\n<p style=\"text-align: justify;\"><strong>Zeintzuk dira gehien interesatzen zaizkien alderdiak eta ikasleek gehien galdetzen dituztenak?<\/strong><br \/>\nGehien bat egoeraren inguruan galdetzen dute. Ez dute ulertzen eta harrigarria iruditzen zaie. Batzuetan guk han burutzen dugun lanaren inguruko galdera zehatzagoak egiten dituzte, baina orokorrean egoeraren zergatia da gehien arduratzen dien gaia.<\/p>\n<p style=\"text-align: justify;\"><strong>Zerekin geratzea gustatuko litzaizuke ikasleak? Hau da, zein da gehien gogoratzea gustatuko litzaizukeen mezua?<\/strong><br \/>\nErrefuxiatu bat beste edonor bezalako pertsona bat dela, bere burua eta bere familia salbatzeko asmoz ihes egiten ari dena. Beraiei gertatzen zaien hau bera, guri ere gerta dakigukeela edozein unetan, eta gure betebeharra dela gizakiak garen aldetik, eskatzen diguten laguntzari erantzun duin bat ematea.<\/p>\n<p style=\"text-align: justify;\"><strong>Ikastetxe bezala nola lagundu genezake kausa honetan?<\/strong><br \/>\nEz dezagun egoera hau ahaztu, maila guztietan ikusarazi behar da; irakasleak, ikasleak, gurasoak, eta ahanzturan geratzea ekidingo duten ekintzak egin behar dira. Milaka gauza egin daitezke, astero egoera hau gogora ekarriko duen oroigarri bat adibidez, gertatzen ari denaren inguruko errepaso bat\u2026 Guk gure bizitzarekin jarraitzen dugun bitartean, gure Europa zibilizatu honetan egunero beren etorkizuna galtzen duten pertsonak daudela gogoratu behar dugu.<\/p>\n<p style=\"text-align: justify;\">Aurten, errefuxiatuen inguruko <a href=\"https:\/\/www.bilbohiria.eus\/50032\" target=\"_blank\" rel=\"noopener\">ZUK<\/a> dokumentala ikusi ondoren, I\u00f1igok, <a href=\"http:\/\/www.maydayterraneo.org\/somos\/\" target=\"_blank\" rel=\"noopener\">Maydayterraneo<\/a> proiektuaren parte bezala, udaran Aita Mari itsasontzia eraberritu dutela azaldu digu. Orain arte arrantzarako erabili den arrantza ontzi euskalduna da eta aurrerantzean erreskaterako erabiliko da. Azken hilabeteetan itsasontziaren erabilpen baimena lortzeko zain egon dira eta lan zaila izan den arren, lortu dute eta urtarrilean ontziratzea espero dute. Jarraian uzten dizuegu informazio gehiagorako esteka: <a href=\"http:\/\/www.maydayterraneo.org\/nor-gara\/\" target=\"_blank\" rel=\"noopener\">http:\/\/www.maydayterraneo.org\/nor-gara\/<\/a><\/p>\n","protected":false},"excerpt":{"rendered":"<p>Pasa den astean gure ikastetxeko ikasleek I\u00f1igo Gutierrez ikasle ohiarekin elkartzeko aukera izan zuten. Ogibidez publizista izanik, I\u00f1igok Itsas Salbamendu Humanitario taldearekin elkarlanean aritzen da duela urte batzudanik, pertsona errefuxiatuei lagunduz Chios Irlan eta Mediterraneoan. Egoera hau ezagutzera emateak duen garrantziaz jabetuta, I\u00f1igok kontzientziazio lan handia burutzen du XXI. mendean sinesgaitzak diren errealitateetara gerturatzen gaituzten [&hellip;]<\/p>\n","protected":false},"author":3,"featured_media":4734,"comment_status":"open","ping_status":"open","sticky":false,"template":"","format":"standard","meta":{"_et_pb_use_builder":"","_et_pb_old_content":"","_et_gb_content_width":"","footnotes":""},"categories":[2],"tags":[556,557,558,536,559,560,561],"class_list":["post-3785","post","type-post","status-publish","format-standard","has-post-thumbnail","hentry","category-berriak","tag-antiguo-alumno-eu","tag-chios-eu","tag-inigo-gutierrez-eu","tag-jesuitak-donostia-eu","tag-mediterraneo-eu","tag-personas-para-los-demas-eu","tag-salvamento-maritimo-eu"],"yoast_head":"<!-- This site is optimized with the Yoast SEO plugin v27.1.1 - https:\/\/yoast.com\/product\/yoast-seo-wordpress\/ -->\n<title>Errefuxiatu bat beste edonor bezalako pertsona bat dela, eta gure betebeharra gizakiak garen aldetik, erantzun duin bat ematea. - Jesuitak<\/title>\n<meta name=\"robots\" content=\"index, follow, max-snippet:-1, max-image-preview:large, max-video-preview:-1\" \/>\n<link rel=\"canonical\" href=\"https:\/\/donostiajesuitak.org\/eu\/2018\/12\/26\/errefuxiatu-bat-beste-edonor-bezalako-pertsona-bat-dela-eta-gure-betebeharra-gizakiak-garen-aldetik-erantzun-duin-bat-ematea\/\" \/>\n<meta property=\"og:locale\" content=\"eu_ES\" \/>\n<meta property=\"og:type\" content=\"article\" \/>\n<meta property=\"og:title\" content=\"Errefuxiatu bat beste edonor bezalako pertsona bat dela, eta gure betebeharra gizakiak garen aldetik, erantzun duin bat ematea. - Jesuitak\" \/>\n<meta property=\"og:description\" content=\"Pasa den astean gure ikastetxeko ikasleek I\u00f1igo Gutierrez ikasle ohiarekin elkartzeko aukera izan zuten. Ogibidez publizista izanik, I\u00f1igok Itsas Salbamendu Humanitario taldearekin elkarlanean aritzen da duela urte batzudanik, pertsona errefuxiatuei lagunduz Chios Irlan eta Mediterraneoan. Egoera hau ezagutzera emateak duen garrantziaz jabetuta, I\u00f1igok kontzientziazio lan handia burutzen du XXI. mendean sinesgaitzak diren errealitateetara gerturatzen gaituzten [&hellip;]\" \/>\n<meta property=\"og:url\" content=\"https:\/\/donostiajesuitak.org\/eu\/2018\/12\/26\/errefuxiatu-bat-beste-edonor-bezalako-pertsona-bat-dela-eta-gure-betebeharra-gizakiak-garen-aldetik-erantzun-duin-bat-ematea\/\" \/>\n<meta property=\"og:site_name\" content=\"Jesuitak\" \/>\n<meta property=\"article:published_time\" content=\"2018-12-26T12:21:22+00:00\" \/>\n<meta property=\"article:modified_time\" content=\"2022-09-15T14:01:47+00:00\" \/>\n<meta property=\"og:image\" content=\"https:\/\/donostiajesuitak.org\/wp-content\/uploads\/2018\/12\/IMG-20181218-WA0001.jpg\" \/>\n\t<meta property=\"og:image:width\" content=\"1600\" \/>\n\t<meta property=\"og:image:height\" content=\"1200\" \/>\n\t<meta property=\"og:image:type\" content=\"image\/jpeg\" \/>\n<meta name=\"author\" content=\"Jesuitak\" \/>\n<meta name=\"twitter:card\" content=\"summary_large_image\" \/>\n<meta name=\"twitter:label1\" content=\"Written by\" \/>\n\t<meta name=\"twitter:data1\" content=\"Jesuitak\" \/>\n\t<meta name=\"twitter:label2\" content=\"Est. reading time\" \/>\n\t<meta name=\"twitter:data2\" content=\"4 minutes\" \/>\n<script type=\"application\/ld+json\" class=\"yoast-schema-graph\">{\"@context\":\"https:\/\/schema.org\",\"@graph\":[{\"@type\":\"Article\",\"@id\":\"https:\/\/donostiajesuitak.org\/eu\/2018\/12\/26\/errefuxiatu-bat-beste-edonor-bezalako-pertsona-bat-dela-eta-gure-betebeharra-gizakiak-garen-aldetik-erantzun-duin-bat-ematea\/#article\",\"isPartOf\":{\"@id\":\"https:\/\/donostiajesuitak.org\/eu\/2018\/12\/26\/errefuxiatu-bat-beste-edonor-bezalako-pertsona-bat-dela-eta-gure-betebeharra-gizakiak-garen-aldetik-erantzun-duin-bat-ematea\/\"},\"author\":{\"name\":\"Jesuitak\",\"@id\":\"https:\/\/donostiajesuitak.org\/#\/schema\/person\/b1c083672dea0c16526d87a755e6db0f\"},\"headline\":\"Errefuxiatu bat beste edonor bezalako pertsona bat dela, eta gure betebeharra gizakiak garen aldetik, erantzun duin bat ematea.\",\"datePublished\":\"2018-12-26T12:21:22+00:00\",\"dateModified\":\"2022-09-15T14:01:47+00:00\",\"mainEntityOfPage\":{\"@id\":\"https:\/\/donostiajesuitak.org\/eu\/2018\/12\/26\/errefuxiatu-bat-beste-edonor-bezalako-pertsona-bat-dela-eta-gure-betebeharra-gizakiak-garen-aldetik-erantzun-duin-bat-ematea\/\"},\"wordCount\":879,\"commentCount\":0,\"image\":{\"@id\":\"https:\/\/donostiajesuitak.org\/eu\/2018\/12\/26\/errefuxiatu-bat-beste-edonor-bezalako-pertsona-bat-dela-eta-gure-betebeharra-gizakiak-garen-aldetik-erantzun-duin-bat-ematea\/#primaryimage\"},\"thumbnailUrl\":\"https:\/\/donostiajesuitak.org\/wp-content\/uploads\/2018\/12\/IMG-20181218-WA0001.jpg\",\"keywords\":[\"antiguo alumno\",\"ch\u00edos\",\"I\u00f1igo Guti\u00e9rrez\",\"Jesuitak Donostia\",\"mediterraneo\",\"personas para los dem\u00e1s\",\"salvamento mar\u00edtimo\"],\"articleSection\":[\"Berriak\"],\"inLanguage\":\"eu-ES\",\"potentialAction\":[{\"@type\":\"CommentAction\",\"name\":\"Comment\",\"target\":[\"https:\/\/donostiajesuitak.org\/eu\/2018\/12\/26\/errefuxiatu-bat-beste-edonor-bezalako-pertsona-bat-dela-eta-gure-betebeharra-gizakiak-garen-aldetik-erantzun-duin-bat-ematea\/#respond\"]}]},{\"@type\":\"WebPage\",\"@id\":\"https:\/\/donostiajesuitak.org\/eu\/2018\/12\/26\/errefuxiatu-bat-beste-edonor-bezalako-pertsona-bat-dela-eta-gure-betebeharra-gizakiak-garen-aldetik-erantzun-duin-bat-ematea\/\",\"url\":\"https:\/\/donostiajesuitak.org\/eu\/2018\/12\/26\/errefuxiatu-bat-beste-edonor-bezalako-pertsona-bat-dela-eta-gure-betebeharra-gizakiak-garen-aldetik-erantzun-duin-bat-ematea\/\",\"name\":\"Errefuxiatu bat beste edonor bezalako pertsona bat dela, eta gure betebeharra gizakiak garen aldetik, erantzun duin bat ematea. - Jesuitak\",\"isPartOf\":{\"@id\":\"https:\/\/donostiajesuitak.org\/#website\"},\"primaryImageOfPage\":{\"@id\":\"https:\/\/donostiajesuitak.org\/eu\/2018\/12\/26\/errefuxiatu-bat-beste-edonor-bezalako-pertsona-bat-dela-eta-gure-betebeharra-gizakiak-garen-aldetik-erantzun-duin-bat-ematea\/#primaryimage\"},\"image\":{\"@id\":\"https:\/\/donostiajesuitak.org\/eu\/2018\/12\/26\/errefuxiatu-bat-beste-edonor-bezalako-pertsona-bat-dela-eta-gure-betebeharra-gizakiak-garen-aldetik-erantzun-duin-bat-ematea\/#primaryimage\"},\"thumbnailUrl\":\"https:\/\/donostiajesuitak.org\/wp-content\/uploads\/2018\/12\/IMG-20181218-WA0001.jpg\",\"datePublished\":\"2018-12-26T12:21:22+00:00\",\"dateModified\":\"2022-09-15T14:01:47+00:00\",\"author\":{\"@id\":\"https:\/\/donostiajesuitak.org\/#\/schema\/person\/b1c083672dea0c16526d87a755e6db0f\"},\"breadcrumb\":{\"@id\":\"https:\/\/donostiajesuitak.org\/eu\/2018\/12\/26\/errefuxiatu-bat-beste-edonor-bezalako-pertsona-bat-dela-eta-gure-betebeharra-gizakiak-garen-aldetik-erantzun-duin-bat-ematea\/#breadcrumb\"},\"inLanguage\":\"eu-ES\",\"potentialAction\":[{\"@type\":\"ReadAction\",\"target\":[\"https:\/\/donostiajesuitak.org\/eu\/2018\/12\/26\/errefuxiatu-bat-beste-edonor-bezalako-pertsona-bat-dela-eta-gure-betebeharra-gizakiak-garen-aldetik-erantzun-duin-bat-ematea\/\"]}]},{\"@type\":\"ImageObject\",\"inLanguage\":\"eu-ES\",\"@id\":\"https:\/\/donostiajesuitak.org\/eu\/2018\/12\/26\/errefuxiatu-bat-beste-edonor-bezalako-pertsona-bat-dela-eta-gure-betebeharra-gizakiak-garen-aldetik-erantzun-duin-bat-ematea\/#primaryimage\",\"url\":\"https:\/\/donostiajesuitak.org\/wp-content\/uploads\/2018\/12\/IMG-20181218-WA0001.jpg\",\"contentUrl\":\"https:\/\/donostiajesuitak.org\/wp-content\/uploads\/2018\/12\/IMG-20181218-WA0001.jpg\",\"width\":1600,\"height\":1200},{\"@type\":\"BreadcrumbList\",\"@id\":\"https:\/\/donostiajesuitak.org\/eu\/2018\/12\/26\/errefuxiatu-bat-beste-edonor-bezalako-pertsona-bat-dela-eta-gure-betebeharra-gizakiak-garen-aldetik-erantzun-duin-bat-ematea\/#breadcrumb\",\"itemListElement\":[{\"@type\":\"ListItem\",\"position\":1,\"name\":\"Portada\",\"item\":\"https:\/\/donostiajesuitak.org\/eu\/hasiera\/\"},{\"@type\":\"ListItem\",\"position\":2,\"name\":\"Errefuxiatu bat beste edonor bezalako pertsona bat dela, eta gure betebeharra gizakiak garen aldetik, erantzun duin bat ematea.\"}]},{\"@type\":\"WebSite\",\"@id\":\"https:\/\/donostiajesuitak.org\/#website\",\"url\":\"https:\/\/donostiajesuitak.org\/\",\"name\":\"Jesuitak\",\"description\":\"Jesuitak\",\"potentialAction\":[{\"@type\":\"SearchAction\",\"target\":{\"@type\":\"EntryPoint\",\"urlTemplate\":\"https:\/\/donostiajesuitak.org\/?s={search_term_string}\"},\"query-input\":{\"@type\":\"PropertyValueSpecification\",\"valueRequired\":true,\"valueName\":\"search_term_string\"}}],\"inLanguage\":\"eu-ES\"},{\"@type\":\"Person\",\"@id\":\"https:\/\/donostiajesuitak.org\/#\/schema\/person\/b1c083672dea0c16526d87a755e6db0f\",\"name\":\"Jesuitak\",\"image\":{\"@type\":\"ImageObject\",\"inLanguage\":\"eu-ES\",\"@id\":\"https:\/\/donostiajesuitak.org\/#\/schema\/person\/image\/\",\"url\":\"https:\/\/secure.gravatar.com\/avatar\/beb6e54dea91a498f801f56a247e8bb38ce5eafbd3ae30f16aace39214866d02?s=96&d=mm&r=g\",\"contentUrl\":\"https:\/\/secure.gravatar.com\/avatar\/beb6e54dea91a498f801f56a247e8bb38ce5eafbd3ae30f16aace39214866d02?s=96&d=mm&r=g\",\"caption\":\"Jesuitak\"},\"url\":\"https:\/\/donostiajesuitak.org\/eu\/author\/jesuitak\/\"}]}<\/script>\n<!-- \/ Yoast SEO plugin. -->","yoast_head_json":{"title":"Errefuxiatu bat beste edonor bezalako pertsona bat dela, eta gure betebeharra gizakiak garen aldetik, erantzun duin bat ematea. - Jesuitak","robots":{"index":"index","follow":"follow","max-snippet":"max-snippet:-1","max-image-preview":"max-image-preview:large","max-video-preview":"max-video-preview:-1"},"canonical":"https:\/\/donostiajesuitak.org\/eu\/2018\/12\/26\/errefuxiatu-bat-beste-edonor-bezalako-pertsona-bat-dela-eta-gure-betebeharra-gizakiak-garen-aldetik-erantzun-duin-bat-ematea\/","og_locale":"eu_ES","og_type":"article","og_title":"Errefuxiatu bat beste edonor bezalako pertsona bat dela, eta gure betebeharra gizakiak garen aldetik, erantzun duin bat ematea. - Jesuitak","og_description":"Pasa den astean gure ikastetxeko ikasleek I\u00f1igo Gutierrez ikasle ohiarekin elkartzeko aukera izan zuten. Ogibidez publizista izanik, I\u00f1igok Itsas Salbamendu Humanitario taldearekin elkarlanean aritzen da duela urte batzudanik, pertsona errefuxiatuei lagunduz Chios Irlan eta Mediterraneoan. Egoera hau ezagutzera emateak duen garrantziaz jabetuta, I\u00f1igok kontzientziazio lan handia burutzen du XXI. mendean sinesgaitzak diren errealitateetara gerturatzen gaituzten [&hellip;]","og_url":"https:\/\/donostiajesuitak.org\/eu\/2018\/12\/26\/errefuxiatu-bat-beste-edonor-bezalako-pertsona-bat-dela-eta-gure-betebeharra-gizakiak-garen-aldetik-erantzun-duin-bat-ematea\/","og_site_name":"Jesuitak","article_published_time":"2018-12-26T12:21:22+00:00","article_modified_time":"2022-09-15T14:01:47+00:00","og_image":[{"width":1600,"height":1200,"url":"https:\/\/donostiajesuitak.org\/wp-content\/uploads\/2018\/12\/IMG-20181218-WA0001.jpg","type":"image\/jpeg"}],"author":"Jesuitak","twitter_card":"summary_large_image","twitter_misc":{"Written by":"Jesuitak","Est. reading time":"4 minutes"},"schema":{"@context":"https:\/\/schema.org","@graph":[{"@type":"Article","@id":"https:\/\/donostiajesuitak.org\/eu\/2018\/12\/26\/errefuxiatu-bat-beste-edonor-bezalako-pertsona-bat-dela-eta-gure-betebeharra-gizakiak-garen-aldetik-erantzun-duin-bat-ematea\/#article","isPartOf":{"@id":"https:\/\/donostiajesuitak.org\/eu\/2018\/12\/26\/errefuxiatu-bat-beste-edonor-bezalako-pertsona-bat-dela-eta-gure-betebeharra-gizakiak-garen-aldetik-erantzun-duin-bat-ematea\/"},"author":{"name":"Jesuitak","@id":"https:\/\/donostiajesuitak.org\/#\/schema\/person\/b1c083672dea0c16526d87a755e6db0f"},"headline":"Errefuxiatu bat beste edonor bezalako pertsona bat dela, eta gure betebeharra gizakiak garen aldetik, erantzun duin bat ematea.","datePublished":"2018-12-26T12:21:22+00:00","dateModified":"2022-09-15T14:01:47+00:00","mainEntityOfPage":{"@id":"https:\/\/donostiajesuitak.org\/eu\/2018\/12\/26\/errefuxiatu-bat-beste-edonor-bezalako-pertsona-bat-dela-eta-gure-betebeharra-gizakiak-garen-aldetik-erantzun-duin-bat-ematea\/"},"wordCount":879,"commentCount":0,"image":{"@id":"https:\/\/donostiajesuitak.org\/eu\/2018\/12\/26\/errefuxiatu-bat-beste-edonor-bezalako-pertsona-bat-dela-eta-gure-betebeharra-gizakiak-garen-aldetik-erantzun-duin-bat-ematea\/#primaryimage"},"thumbnailUrl":"https:\/\/donostiajesuitak.org\/wp-content\/uploads\/2018\/12\/IMG-20181218-WA0001.jpg","keywords":["antiguo alumno","ch\u00edos","I\u00f1igo Guti\u00e9rrez","Jesuitak Donostia","mediterraneo","personas para los dem\u00e1s","salvamento mar\u00edtimo"],"articleSection":["Berriak"],"inLanguage":"eu-ES","potentialAction":[{"@type":"CommentAction","name":"Comment","target":["https:\/\/donostiajesuitak.org\/eu\/2018\/12\/26\/errefuxiatu-bat-beste-edonor-bezalako-pertsona-bat-dela-eta-gure-betebeharra-gizakiak-garen-aldetik-erantzun-duin-bat-ematea\/#respond"]}]},{"@type":"WebPage","@id":"https:\/\/donostiajesuitak.org\/eu\/2018\/12\/26\/errefuxiatu-bat-beste-edonor-bezalako-pertsona-bat-dela-eta-gure-betebeharra-gizakiak-garen-aldetik-erantzun-duin-bat-ematea\/","url":"https:\/\/donostiajesuitak.org\/eu\/2018\/12\/26\/errefuxiatu-bat-beste-edonor-bezalako-pertsona-bat-dela-eta-gure-betebeharra-gizakiak-garen-aldetik-erantzun-duin-bat-ematea\/","name":"Errefuxiatu bat beste edonor bezalako pertsona bat dela, eta gure betebeharra gizakiak garen aldetik, erantzun duin bat ematea. - Jesuitak","isPartOf":{"@id":"https:\/\/donostiajesuitak.org\/#website"},"primaryImageOfPage":{"@id":"https:\/\/donostiajesuitak.org\/eu\/2018\/12\/26\/errefuxiatu-bat-beste-edonor-bezalako-pertsona-bat-dela-eta-gure-betebeharra-gizakiak-garen-aldetik-erantzun-duin-bat-ematea\/#primaryimage"},"image":{"@id":"https:\/\/donostiajesuitak.org\/eu\/2018\/12\/26\/errefuxiatu-bat-beste-edonor-bezalako-pertsona-bat-dela-eta-gure-betebeharra-gizakiak-garen-aldetik-erantzun-duin-bat-ematea\/#primaryimage"},"thumbnailUrl":"https:\/\/donostiajesuitak.org\/wp-content\/uploads\/2018\/12\/IMG-20181218-WA0001.jpg","datePublished":"2018-12-26T12:21:22+00:00","dateModified":"2022-09-15T14:01:47+00:00","author":{"@id":"https:\/\/donostiajesuitak.org\/#\/schema\/person\/b1c083672dea0c16526d87a755e6db0f"},"breadcrumb":{"@id":"https:\/\/donostiajesuitak.org\/eu\/2018\/12\/26\/errefuxiatu-bat-beste-edonor-bezalako-pertsona-bat-dela-eta-gure-betebeharra-gizakiak-garen-aldetik-erantzun-duin-bat-ematea\/#breadcrumb"},"inLanguage":"eu-ES","potentialAction":[{"@type":"ReadAction","target":["https:\/\/donostiajesuitak.org\/eu\/2018\/12\/26\/errefuxiatu-bat-beste-edonor-bezalako-pertsona-bat-dela-eta-gure-betebeharra-gizakiak-garen-aldetik-erantzun-duin-bat-ematea\/"]}]},{"@type":"ImageObject","inLanguage":"eu-ES","@id":"https:\/\/donostiajesuitak.org\/eu\/2018\/12\/26\/errefuxiatu-bat-beste-edonor-bezalako-pertsona-bat-dela-eta-gure-betebeharra-gizakiak-garen-aldetik-erantzun-duin-bat-ematea\/#primaryimage","url":"https:\/\/donostiajesuitak.org\/wp-content\/uploads\/2018\/12\/IMG-20181218-WA0001.jpg","contentUrl":"https:\/\/donostiajesuitak.org\/wp-content\/uploads\/2018\/12\/IMG-20181218-WA0001.jpg","width":1600,"height":1200},{"@type":"BreadcrumbList","@id":"https:\/\/donostiajesuitak.org\/eu\/2018\/12\/26\/errefuxiatu-bat-beste-edonor-bezalako-pertsona-bat-dela-eta-gure-betebeharra-gizakiak-garen-aldetik-erantzun-duin-bat-ematea\/#breadcrumb","itemListElement":[{"@type":"ListItem","position":1,"name":"Portada","item":"https:\/\/donostiajesuitak.org\/eu\/hasiera\/"},{"@type":"ListItem","position":2,"name":"Errefuxiatu bat beste edonor bezalako pertsona bat dela, eta gure betebeharra gizakiak garen aldetik, erantzun duin bat ematea."}]},{"@type":"WebSite","@id":"https:\/\/donostiajesuitak.org\/#website","url":"https:\/\/donostiajesuitak.org\/","name":"Jesuitak","description":"Jesuitak","potentialAction":[{"@type":"SearchAction","target":{"@type":"EntryPoint","urlTemplate":"https:\/\/donostiajesuitak.org\/?s={search_term_string}"},"query-input":{"@type":"PropertyValueSpecification","valueRequired":true,"valueName":"search_term_string"}}],"inLanguage":"eu-ES"},{"@type":"Person","@id":"https:\/\/donostiajesuitak.org\/#\/schema\/person\/b1c083672dea0c16526d87a755e6db0f","name":"Jesuitak","image":{"@type":"ImageObject","inLanguage":"eu-ES","@id":"https:\/\/donostiajesuitak.org\/#\/schema\/person\/image\/","url":"https:\/\/secure.gravatar.com\/avatar\/beb6e54dea91a498f801f56a247e8bb38ce5eafbd3ae30f16aace39214866d02?s=96&d=mm&r=g","contentUrl":"https:\/\/secure.gravatar.com\/avatar\/beb6e54dea91a498f801f56a247e8bb38ce5eafbd3ae30f16aace39214866d02?s=96&d=mm&r=g","caption":"Jesuitak"},"url":"https:\/\/donostiajesuitak.org\/eu\/author\/jesuitak\/"}]}},"_links":{"self":[{"href":"https:\/\/donostiajesuitak.org\/eu\/wp-json\/wp\/v2\/posts\/3785","targetHints":{"allow":["GET"]}}],"collection":[{"href":"https:\/\/donostiajesuitak.org\/eu\/wp-json\/wp\/v2\/posts"}],"about":[{"href":"https:\/\/donostiajesuitak.org\/eu\/wp-json\/wp\/v2\/types\/post"}],"author":[{"embeddable":true,"href":"https:\/\/donostiajesuitak.org\/eu\/wp-json\/wp\/v2\/users\/3"}],"replies":[{"embeddable":true,"href":"https:\/\/donostiajesuitak.org\/eu\/wp-json\/wp\/v2\/comments?post=3785"}],"version-history":[{"count":2,"href":"https:\/\/donostiajesuitak.org\/eu\/wp-json\/wp\/v2\/posts\/3785\/revisions"}],"predecessor-version":[{"id":3789,"href":"https:\/\/donostiajesuitak.org\/eu\/wp-json\/wp\/v2\/posts\/3785\/revisions\/3789"}],"wp:featuredmedia":[{"embeddable":true,"href":"https:\/\/donostiajesuitak.org\/eu\/wp-json\/wp\/v2\/media\/4734"}],"wp:attachment":[{"href":"https:\/\/donostiajesuitak.org\/eu\/wp-json\/wp\/v2\/media?parent=3785"}],"wp:term":[{"taxonomy":"category","embeddable":true,"href":"https:\/\/donostiajesuitak.org\/eu\/wp-json\/wp\/v2\/categories?post=3785"},{"taxonomy":"post_tag","embeddable":true,"href":"https:\/\/donostiajesuitak.org\/eu\/wp-json\/wp\/v2\/tags?post=3785"}],"curies":[{"name":"wp","href":"https:\/\/api.w.org\/{rel}","templated":true}]}}