{"id":3989,"date":"2017-07-06T15:43:41","date_gmt":"2017-07-06T15:43:41","guid":{"rendered":"https:\/\/donostiajesuitak.org\/2017\/07\/06\/tres-dias-trabajo-fortalecer-la-red-educativa-la-compania\/"},"modified":"2022-09-15T23:06:39","modified_gmt":"2022-09-15T21:06:39","slug":"3-eguneko-jardunaldia-jesusen-lagundiko-hezkuntza-sarea-indartzeko","status":"publish","type":"post","link":"https:\/\/donostiajesuitak.org\/eu\/2017\/07\/06\/3-eguneko-jardunaldia-jesusen-lagundiko-hezkuntza-sarea-indartzeko\/","title":{"rendered":"3 eguneko jardunaldia Jesusen Lagundiko hezkuntza sarea indartzeko"},"content":{"rendered":"<p style=\"text-align: justify;\">Uztailaren 12an Amaia Arzamendik, Jesuitak Donostiako zuzendariak, ikastetxeak eraldatzeko bidean lidergoak duen garrantziaz hitz egingo du ikastetxean bizitako esperientzian oinarrituta.kastetxe Jesuiten berrikuntza gai nagusitako bat izango da Educsi-ren 33. Jardunaldietan.<\/p>\n<p style=\"text-align: justify;\">Uztailaren 11, 12 eta 13an Educsiren 33. Jardunaldiak ospatuko dira Bilboko Deustuko Unibertsitatean. Elkargune honetan Espainia eta Portugaleko Jesusen Lagundiko 73 unibertsitate aurreko eta Lanbide Heziketako hezkuntza erakundek hartuko dute parte. Topaketak 3 helburu nagusi izango ditu.<\/p>\n<p style=\"text-align: justify;\"><strong>\u2022 Ikastetxeen arteko sarea sustatzea.<br \/>\n\u2022 Lan egiteko eremuei eta ezagutza partekatzeko espazioei bidea ematea.<br \/>\n\u2022 Berrikuntza eta misioaren inguruan hausnartzea.<\/strong><\/p>\n<p style=\"text-align: justify;\">Jardunaldiari hasiera emateko Antonio Espa\u00f1a, sj, Aita probintzialak agurra egingo du. Lagundiaren hezkuntza komunitatera zuzentzen den lehenengo aldia izango da uztailaren 8an Aita Probintzial gisa karguaz jabetu ondoren.<\/p>\n<p style=\"text-align: justify;\">Magdalenok, Zaragozako El Salvador Ikastetxeko zuzendariak, izango du Educsi Jardunaldietan landuko den lehenengo gaia aurkezteko ardura, astearte goizean, uztailaren 11an. Magdalenok ikastetxe jesuitek duten <strong>hezkuntza misioaren testuinguruan berrikuntzak izan behar duen lekua<\/strong> kokatzeko marko proposamena luzatuko du. Egun horretan, arratsaldez, berrikuntza honen baitan<strong> irakasleen rola aldatzeko gakoak<\/strong> azalduko dituzte Huelvako SAFA ikastetxeko zuzendaria den Eduardo Vizca\u00ednok eta Colegio Claver de Raimat-eko DBH-ko 2. Zikloko zuzendariak, Minerva Pocelek.<\/p>\n<p style=\"text-align: justify;\">Bigarren egunean, uztailaren 12an hain zuzen ere, saioa Amaia Arzamendik, Jesuitak Donostiako zuzendariak, eta Iv\u00e1n Mir\u00f3nek, Vigoko Ap\u00f3stol Ikastetxeko zuzendariak eskainiko dute. Tarte honetan <strong>Jesusen Lagundiko Ikastetxeak eraldatzeko lidergoaren<\/strong> inguruan arituko dira. Arratsaldean kultur-ekintzak egiteko eta hiria bisitatzeko denbora izango dute jardunaldira bertaratu direnek, besteak beste, Guggenheim edota Arte Ederretako museoak, Getxoko Zubi Esekia, Bilboko parte zaharra edota paseoa ontzian Bilboko itsasadarrean barrena.<\/p>\n<p style=\"text-align: justify;\">3. egunean, uztailaren 13an, goizean zehar<strong> berrikuntza prozesuen kohesioaren<\/strong> inguruan hitz egingo da. Andr\u00e9s Garc\u00eda Indak, Zaragozako El Salvador ikastetxeko zuzendari ohiak dinamizatuko duen espazio honetan ondorengo pertsonek parte hartuko dute: Bilboko Colegio Ntra Se\u00f1ora de Bego\u00f1ako Lehen Hezkuntzako zuzendaria, Maialen Herran; Madrileko Padre Piquer Trebakuntza Zentruko berrikuntza, hezkuntza eta orientazio zuzendaria, Gregorio Casado; Las Palmas-eko DBHko zuzendaria, M\u00aa Isabel Doreste; eta, Oviedoko San Ignacio Ikastetxeko zuzendaria, Luis Ord\u00f3\u00f1ez.<\/p>\n<p style=\"text-align: justify;\">Elkarrizketa honen ondoren, jardunaldira bertaratu direnek Educsiko zentroetan martxan jarri diren <strong>hezkuntza berrikuntzen inguruan esperientziak partekatzeko aukera<\/strong> izango dute, 9 gune pedagogikoetan. Jardunaldien azkeneko hitzaldia Javier Gil Ojedak, Trilema Fundazioko Trebakuntza eta Berrikuntza zuzendariak eskainiko du, ostegun arratsaldean.<\/p>\n<p style=\"text-align: justify;\">33. Jardunaldiak DeustUko Unibertsitateko klaustroan eskainiko den itxiera-afariarekin amaituko dira. Educsik antolatzen duen topaketa honek Deustuko Unibertsitatearen, Universidad Pontificia de Comillas-en, SMren eta Loyola Komunikazio taldearen laguntza jasotzen du.<\/p>\n","protected":false},"excerpt":{"rendered":"<p>Uztailaren 12an Amaia Arzamendik, Jesuitak Donostiako zuzendariak, ikastetxeak eraldatzeko bidean lidergoak duen garrantziaz hitz egingo du ikastetxean bizitako esperientzian oinarrituta.kastetxe Jesuiten berrikuntza gai nagusitako bat izango da Educsi-ren 33. Jardunaldietan. Uztailaren 11, 12 eta 13an Educsiren 33. Jardunaldiak ospatuko dira Bilboko Deustuko Unibertsitatean. Elkargune honetan Espainia eta Portugaleko Jesusen Lagundiko 73 unibertsitate aurreko eta Lanbide [&hellip;]<\/p>\n","protected":false},"author":3,"featured_media":4523,"comment_status":"open","ping_status":"open","sticky":false,"template":"","format":"standard","meta":{"_et_pb_use_builder":"","_et_pb_old_content":"","_et_gb_content_width":"","footnotes":""},"categories":[2],"tags":[683,684,584,685,686,687,688,689,536,690,691,692,693,694],"class_list":["post-3989","post","type-post","status-publish","format-standard","has-post-thumbnail","hentry","category-berriak","tag-amaia-arzamendi-eu","tag-berrikuntza-eu","tag-berrikuntza-pedagogikoa-eu","tag-cohesion-eu","tag-compania-de-jesus-eu","tag-educsi-eu","tag-innovacion-eu","tag-jardunaldiak-eu","tag-jesuitak-donostia-eu","tag-jornadas-eu","tag-liderazgo-eu","tag-lidergoa-eu","tag-sare-lana-eu","tag-trabajo-en-red-eu"],"yoast_head":"<!-- This site is optimized with the Yoast SEO plugin v27.1.1 - https:\/\/yoast.com\/product\/yoast-seo-wordpress\/ -->\n<title>3 eguneko jardunaldia Jesusen Lagundiko hezkuntza sarea indartzeko - Jesuitak<\/title>\n<meta name=\"robots\" content=\"index, follow, max-snippet:-1, max-image-preview:large, max-video-preview:-1\" \/>\n<link rel=\"canonical\" href=\"https:\/\/donostiajesuitak.org\/eu\/2017\/07\/06\/3-eguneko-jardunaldia-jesusen-lagundiko-hezkuntza-sarea-indartzeko\/\" \/>\n<meta property=\"og:locale\" content=\"eu_ES\" \/>\n<meta property=\"og:type\" content=\"article\" \/>\n<meta property=\"og:title\" content=\"3 eguneko jardunaldia Jesusen Lagundiko hezkuntza sarea indartzeko - Jesuitak\" \/>\n<meta property=\"og:description\" content=\"Uztailaren 12an Amaia Arzamendik, Jesuitak Donostiako zuzendariak, ikastetxeak eraldatzeko bidean lidergoak duen garrantziaz hitz egingo du ikastetxean bizitako esperientzian oinarrituta.kastetxe Jesuiten berrikuntza gai nagusitako bat izango da Educsi-ren 33. Jardunaldietan. Uztailaren 11, 12 eta 13an Educsiren 33. Jardunaldiak ospatuko dira Bilboko Deustuko Unibertsitatean. Elkargune honetan Espainia eta Portugaleko Jesusen Lagundiko 73 unibertsitate aurreko eta Lanbide [&hellip;]\" \/>\n<meta property=\"og:url\" content=\"https:\/\/donostiajesuitak.org\/eu\/2017\/07\/06\/3-eguneko-jardunaldia-jesusen-lagundiko-hezkuntza-sarea-indartzeko\/\" \/>\n<meta property=\"og:site_name\" content=\"Jesuitak\" \/>\n<meta property=\"article:published_time\" content=\"2017-07-06T15:43:41+00:00\" \/>\n<meta property=\"article:modified_time\" content=\"2022-09-15T21:06:39+00:00\" \/>\n<meta property=\"og:image\" content=\"https:\/\/donostiajesuitak.org\/wp-content\/uploads\/2017\/07\/DeustoCentenario.jpg\" \/>\n\t<meta property=\"og:image:width\" content=\"640\" \/>\n\t<meta property=\"og:image:height\" content=\"480\" \/>\n\t<meta property=\"og:image:type\" content=\"image\/jpeg\" \/>\n<meta name=\"author\" content=\"Jesuitak\" \/>\n<meta name=\"twitter:card\" content=\"summary_large_image\" \/>\n<meta name=\"twitter:label1\" content=\"Written by\" \/>\n\t<meta name=\"twitter:data1\" content=\"Jesuitak\" \/>\n\t<meta name=\"twitter:label2\" content=\"Est. reading time\" \/>\n\t<meta name=\"twitter:data2\" content=\"2 minutes\" \/>\n<script type=\"application\/ld+json\" class=\"yoast-schema-graph\">{\"@context\":\"https:\/\/schema.org\",\"@graph\":[{\"@type\":\"Article\",\"@id\":\"https:\/\/donostiajesuitak.org\/eu\/2017\/07\/06\/3-eguneko-jardunaldia-jesusen-lagundiko-hezkuntza-sarea-indartzeko\/#article\",\"isPartOf\":{\"@id\":\"https:\/\/donostiajesuitak.org\/eu\/2017\/07\/06\/3-eguneko-jardunaldia-jesusen-lagundiko-hezkuntza-sarea-indartzeko\/\"},\"author\":{\"name\":\"Jesuitak\",\"@id\":\"https:\/\/donostiajesuitak.org\/#\/schema\/person\/b1c083672dea0c16526d87a755e6db0f\"},\"headline\":\"3 eguneko jardunaldia Jesusen Lagundiko hezkuntza sarea indartzeko\",\"datePublished\":\"2017-07-06T15:43:41+00:00\",\"dateModified\":\"2022-09-15T21:06:39+00:00\",\"mainEntityOfPage\":{\"@id\":\"https:\/\/donostiajesuitak.org\/eu\/2017\/07\/06\/3-eguneko-jardunaldia-jesusen-lagundiko-hezkuntza-sarea-indartzeko\/\"},\"wordCount\":387,\"commentCount\":0,\"image\":{\"@id\":\"https:\/\/donostiajesuitak.org\/eu\/2017\/07\/06\/3-eguneko-jardunaldia-jesusen-lagundiko-hezkuntza-sarea-indartzeko\/#primaryimage\"},\"thumbnailUrl\":\"https:\/\/donostiajesuitak.org\/wp-content\/uploads\/2017\/07\/DeustoCentenario.jpg\",\"keywords\":[\"Amaia Arzamendi\",\"Berrikuntza\",\"berrikuntza pedagogikoa\",\"cohesi\u00f3n\",\"Compa\u00f1\u00eda de Jes\u00fas\",\"EDUCSI\",\"Innovaci\u00f3n\",\"jardunaldiak\",\"Jesuitak Donostia\",\"jornadas\",\"liderazgo\",\"lidergoa\",\"Sare-lana\",\"Trabajo en red\"],\"articleSection\":[\"Berriak\"],\"inLanguage\":\"eu-ES\",\"potentialAction\":[{\"@type\":\"CommentAction\",\"name\":\"Comment\",\"target\":[\"https:\/\/donostiajesuitak.org\/eu\/2017\/07\/06\/3-eguneko-jardunaldia-jesusen-lagundiko-hezkuntza-sarea-indartzeko\/#respond\"]}]},{\"@type\":\"WebPage\",\"@id\":\"https:\/\/donostiajesuitak.org\/eu\/2017\/07\/06\/3-eguneko-jardunaldia-jesusen-lagundiko-hezkuntza-sarea-indartzeko\/\",\"url\":\"https:\/\/donostiajesuitak.org\/eu\/2017\/07\/06\/3-eguneko-jardunaldia-jesusen-lagundiko-hezkuntza-sarea-indartzeko\/\",\"name\":\"3 eguneko jardunaldia Jesusen Lagundiko hezkuntza sarea indartzeko - Jesuitak\",\"isPartOf\":{\"@id\":\"https:\/\/donostiajesuitak.org\/#website\"},\"primaryImageOfPage\":{\"@id\":\"https:\/\/donostiajesuitak.org\/eu\/2017\/07\/06\/3-eguneko-jardunaldia-jesusen-lagundiko-hezkuntza-sarea-indartzeko\/#primaryimage\"},\"image\":{\"@id\":\"https:\/\/donostiajesuitak.org\/eu\/2017\/07\/06\/3-eguneko-jardunaldia-jesusen-lagundiko-hezkuntza-sarea-indartzeko\/#primaryimage\"},\"thumbnailUrl\":\"https:\/\/donostiajesuitak.org\/wp-content\/uploads\/2017\/07\/DeustoCentenario.jpg\",\"datePublished\":\"2017-07-06T15:43:41+00:00\",\"dateModified\":\"2022-09-15T21:06:39+00:00\",\"author\":{\"@id\":\"https:\/\/donostiajesuitak.org\/#\/schema\/person\/b1c083672dea0c16526d87a755e6db0f\"},\"breadcrumb\":{\"@id\":\"https:\/\/donostiajesuitak.org\/eu\/2017\/07\/06\/3-eguneko-jardunaldia-jesusen-lagundiko-hezkuntza-sarea-indartzeko\/#breadcrumb\"},\"inLanguage\":\"eu-ES\",\"potentialAction\":[{\"@type\":\"ReadAction\",\"target\":[\"https:\/\/donostiajesuitak.org\/eu\/2017\/07\/06\/3-eguneko-jardunaldia-jesusen-lagundiko-hezkuntza-sarea-indartzeko\/\"]}]},{\"@type\":\"ImageObject\",\"inLanguage\":\"eu-ES\",\"@id\":\"https:\/\/donostiajesuitak.org\/eu\/2017\/07\/06\/3-eguneko-jardunaldia-jesusen-lagundiko-hezkuntza-sarea-indartzeko\/#primaryimage\",\"url\":\"https:\/\/donostiajesuitak.org\/wp-content\/uploads\/2017\/07\/DeustoCentenario.jpg\",\"contentUrl\":\"https:\/\/donostiajesuitak.org\/wp-content\/uploads\/2017\/07\/DeustoCentenario.jpg\",\"width\":640,\"height\":480},{\"@type\":\"BreadcrumbList\",\"@id\":\"https:\/\/donostiajesuitak.org\/eu\/2017\/07\/06\/3-eguneko-jardunaldia-jesusen-lagundiko-hezkuntza-sarea-indartzeko\/#breadcrumb\",\"itemListElement\":[{\"@type\":\"ListItem\",\"position\":1,\"name\":\"Portada\",\"item\":\"https:\/\/donostiajesuitak.org\/eu\/\"},{\"@type\":\"ListItem\",\"position\":2,\"name\":\"3 eguneko jardunaldia Jesusen Lagundiko hezkuntza sarea indartzeko\"}]},{\"@type\":\"WebSite\",\"@id\":\"https:\/\/donostiajesuitak.org\/#website\",\"url\":\"https:\/\/donostiajesuitak.org\/\",\"name\":\"Jesuitak\",\"description\":\"Jesuitak\",\"potentialAction\":[{\"@type\":\"SearchAction\",\"target\":{\"@type\":\"EntryPoint\",\"urlTemplate\":\"https:\/\/donostiajesuitak.org\/?s={search_term_string}\"},\"query-input\":{\"@type\":\"PropertyValueSpecification\",\"valueRequired\":true,\"valueName\":\"search_term_string\"}}],\"inLanguage\":\"eu-ES\"},{\"@type\":\"Person\",\"@id\":\"https:\/\/donostiajesuitak.org\/#\/schema\/person\/b1c083672dea0c16526d87a755e6db0f\",\"name\":\"Jesuitak\",\"image\":{\"@type\":\"ImageObject\",\"inLanguage\":\"eu-ES\",\"@id\":\"https:\/\/donostiajesuitak.org\/#\/schema\/person\/image\/\",\"url\":\"https:\/\/secure.gravatar.com\/avatar\/beb6e54dea91a498f801f56a247e8bb38ce5eafbd3ae30f16aace39214866d02?s=96&d=mm&r=g\",\"contentUrl\":\"https:\/\/secure.gravatar.com\/avatar\/beb6e54dea91a498f801f56a247e8bb38ce5eafbd3ae30f16aace39214866d02?s=96&d=mm&r=g\",\"caption\":\"Jesuitak\"},\"url\":\"https:\/\/donostiajesuitak.org\/eu\/author\/jesuitak\/\"}]}<\/script>\n<!-- \/ Yoast SEO plugin. -->","yoast_head_json":{"title":"3 eguneko jardunaldia Jesusen Lagundiko hezkuntza sarea indartzeko - Jesuitak","robots":{"index":"index","follow":"follow","max-snippet":"max-snippet:-1","max-image-preview":"max-image-preview:large","max-video-preview":"max-video-preview:-1"},"canonical":"https:\/\/donostiajesuitak.org\/eu\/2017\/07\/06\/3-eguneko-jardunaldia-jesusen-lagundiko-hezkuntza-sarea-indartzeko\/","og_locale":"eu_ES","og_type":"article","og_title":"3 eguneko jardunaldia Jesusen Lagundiko hezkuntza sarea indartzeko - Jesuitak","og_description":"Uztailaren 12an Amaia Arzamendik, Jesuitak Donostiako zuzendariak, ikastetxeak eraldatzeko bidean lidergoak duen garrantziaz hitz egingo du ikastetxean bizitako esperientzian oinarrituta.kastetxe Jesuiten berrikuntza gai nagusitako bat izango da Educsi-ren 33. Jardunaldietan. Uztailaren 11, 12 eta 13an Educsiren 33. Jardunaldiak ospatuko dira Bilboko Deustuko Unibertsitatean. Elkargune honetan Espainia eta Portugaleko Jesusen Lagundiko 73 unibertsitate aurreko eta Lanbide [&hellip;]","og_url":"https:\/\/donostiajesuitak.org\/eu\/2017\/07\/06\/3-eguneko-jardunaldia-jesusen-lagundiko-hezkuntza-sarea-indartzeko\/","og_site_name":"Jesuitak","article_published_time":"2017-07-06T15:43:41+00:00","article_modified_time":"2022-09-15T21:06:39+00:00","og_image":[{"width":640,"height":480,"url":"https:\/\/donostiajesuitak.org\/wp-content\/uploads\/2017\/07\/DeustoCentenario.jpg","type":"image\/jpeg"}],"author":"Jesuitak","twitter_card":"summary_large_image","twitter_misc":{"Written by":"Jesuitak","Est. reading time":"2 minutes"},"schema":{"@context":"https:\/\/schema.org","@graph":[{"@type":"Article","@id":"https:\/\/donostiajesuitak.org\/eu\/2017\/07\/06\/3-eguneko-jardunaldia-jesusen-lagundiko-hezkuntza-sarea-indartzeko\/#article","isPartOf":{"@id":"https:\/\/donostiajesuitak.org\/eu\/2017\/07\/06\/3-eguneko-jardunaldia-jesusen-lagundiko-hezkuntza-sarea-indartzeko\/"},"author":{"name":"Jesuitak","@id":"https:\/\/donostiajesuitak.org\/#\/schema\/person\/b1c083672dea0c16526d87a755e6db0f"},"headline":"3 eguneko jardunaldia Jesusen Lagundiko hezkuntza sarea indartzeko","datePublished":"2017-07-06T15:43:41+00:00","dateModified":"2022-09-15T21:06:39+00:00","mainEntityOfPage":{"@id":"https:\/\/donostiajesuitak.org\/eu\/2017\/07\/06\/3-eguneko-jardunaldia-jesusen-lagundiko-hezkuntza-sarea-indartzeko\/"},"wordCount":387,"commentCount":0,"image":{"@id":"https:\/\/donostiajesuitak.org\/eu\/2017\/07\/06\/3-eguneko-jardunaldia-jesusen-lagundiko-hezkuntza-sarea-indartzeko\/#primaryimage"},"thumbnailUrl":"https:\/\/donostiajesuitak.org\/wp-content\/uploads\/2017\/07\/DeustoCentenario.jpg","keywords":["Amaia Arzamendi","Berrikuntza","berrikuntza pedagogikoa","cohesi\u00f3n","Compa\u00f1\u00eda de Jes\u00fas","EDUCSI","Innovaci\u00f3n","jardunaldiak","Jesuitak Donostia","jornadas","liderazgo","lidergoa","Sare-lana","Trabajo en red"],"articleSection":["Berriak"],"inLanguage":"eu-ES","potentialAction":[{"@type":"CommentAction","name":"Comment","target":["https:\/\/donostiajesuitak.org\/eu\/2017\/07\/06\/3-eguneko-jardunaldia-jesusen-lagundiko-hezkuntza-sarea-indartzeko\/#respond"]}]},{"@type":"WebPage","@id":"https:\/\/donostiajesuitak.org\/eu\/2017\/07\/06\/3-eguneko-jardunaldia-jesusen-lagundiko-hezkuntza-sarea-indartzeko\/","url":"https:\/\/donostiajesuitak.org\/eu\/2017\/07\/06\/3-eguneko-jardunaldia-jesusen-lagundiko-hezkuntza-sarea-indartzeko\/","name":"3 eguneko jardunaldia Jesusen Lagundiko hezkuntza sarea indartzeko - Jesuitak","isPartOf":{"@id":"https:\/\/donostiajesuitak.org\/#website"},"primaryImageOfPage":{"@id":"https:\/\/donostiajesuitak.org\/eu\/2017\/07\/06\/3-eguneko-jardunaldia-jesusen-lagundiko-hezkuntza-sarea-indartzeko\/#primaryimage"},"image":{"@id":"https:\/\/donostiajesuitak.org\/eu\/2017\/07\/06\/3-eguneko-jardunaldia-jesusen-lagundiko-hezkuntza-sarea-indartzeko\/#primaryimage"},"thumbnailUrl":"https:\/\/donostiajesuitak.org\/wp-content\/uploads\/2017\/07\/DeustoCentenario.jpg","datePublished":"2017-07-06T15:43:41+00:00","dateModified":"2022-09-15T21:06:39+00:00","author":{"@id":"https:\/\/donostiajesuitak.org\/#\/schema\/person\/b1c083672dea0c16526d87a755e6db0f"},"breadcrumb":{"@id":"https:\/\/donostiajesuitak.org\/eu\/2017\/07\/06\/3-eguneko-jardunaldia-jesusen-lagundiko-hezkuntza-sarea-indartzeko\/#breadcrumb"},"inLanguage":"eu-ES","potentialAction":[{"@type":"ReadAction","target":["https:\/\/donostiajesuitak.org\/eu\/2017\/07\/06\/3-eguneko-jardunaldia-jesusen-lagundiko-hezkuntza-sarea-indartzeko\/"]}]},{"@type":"ImageObject","inLanguage":"eu-ES","@id":"https:\/\/donostiajesuitak.org\/eu\/2017\/07\/06\/3-eguneko-jardunaldia-jesusen-lagundiko-hezkuntza-sarea-indartzeko\/#primaryimage","url":"https:\/\/donostiajesuitak.org\/wp-content\/uploads\/2017\/07\/DeustoCentenario.jpg","contentUrl":"https:\/\/donostiajesuitak.org\/wp-content\/uploads\/2017\/07\/DeustoCentenario.jpg","width":640,"height":480},{"@type":"BreadcrumbList","@id":"https:\/\/donostiajesuitak.org\/eu\/2017\/07\/06\/3-eguneko-jardunaldia-jesusen-lagundiko-hezkuntza-sarea-indartzeko\/#breadcrumb","itemListElement":[{"@type":"ListItem","position":1,"name":"Portada","item":"https:\/\/donostiajesuitak.org\/eu\/"},{"@type":"ListItem","position":2,"name":"3 eguneko jardunaldia Jesusen Lagundiko hezkuntza sarea indartzeko"}]},{"@type":"WebSite","@id":"https:\/\/donostiajesuitak.org\/#website","url":"https:\/\/donostiajesuitak.org\/","name":"Jesuitak","description":"Jesuitak","potentialAction":[{"@type":"SearchAction","target":{"@type":"EntryPoint","urlTemplate":"https:\/\/donostiajesuitak.org\/?s={search_term_string}"},"query-input":{"@type":"PropertyValueSpecification","valueRequired":true,"valueName":"search_term_string"}}],"inLanguage":"eu-ES"},{"@type":"Person","@id":"https:\/\/donostiajesuitak.org\/#\/schema\/person\/b1c083672dea0c16526d87a755e6db0f","name":"Jesuitak","image":{"@type":"ImageObject","inLanguage":"eu-ES","@id":"https:\/\/donostiajesuitak.org\/#\/schema\/person\/image\/","url":"https:\/\/secure.gravatar.com\/avatar\/beb6e54dea91a498f801f56a247e8bb38ce5eafbd3ae30f16aace39214866d02?s=96&d=mm&r=g","contentUrl":"https:\/\/secure.gravatar.com\/avatar\/beb6e54dea91a498f801f56a247e8bb38ce5eafbd3ae30f16aace39214866d02?s=96&d=mm&r=g","caption":"Jesuitak"},"url":"https:\/\/donostiajesuitak.org\/eu\/author\/jesuitak\/"}]}},"_links":{"self":[{"href":"https:\/\/donostiajesuitak.org\/eu\/wp-json\/wp\/v2\/posts\/3989","targetHints":{"allow":["GET"]}}],"collection":[{"href":"https:\/\/donostiajesuitak.org\/eu\/wp-json\/wp\/v2\/posts"}],"about":[{"href":"https:\/\/donostiajesuitak.org\/eu\/wp-json\/wp\/v2\/types\/post"}],"author":[{"embeddable":true,"href":"https:\/\/donostiajesuitak.org\/eu\/wp-json\/wp\/v2\/users\/3"}],"replies":[{"embeddable":true,"href":"https:\/\/donostiajesuitak.org\/eu\/wp-json\/wp\/v2\/comments?post=3989"}],"version-history":[{"count":2,"href":"https:\/\/donostiajesuitak.org\/eu\/wp-json\/wp\/v2\/posts\/3989\/revisions"}],"predecessor-version":[{"id":3993,"href":"https:\/\/donostiajesuitak.org\/eu\/wp-json\/wp\/v2\/posts\/3989\/revisions\/3993"}],"wp:featuredmedia":[{"embeddable":true,"href":"https:\/\/donostiajesuitak.org\/eu\/wp-json\/wp\/v2\/media\/4523"}],"wp:attachment":[{"href":"https:\/\/donostiajesuitak.org\/eu\/wp-json\/wp\/v2\/media?parent=3989"}],"wp:term":[{"taxonomy":"category","embeddable":true,"href":"https:\/\/donostiajesuitak.org\/eu\/wp-json\/wp\/v2\/categories?post=3989"},{"taxonomy":"post_tag","embeddable":true,"href":"https:\/\/donostiajesuitak.org\/eu\/wp-json\/wp\/v2\/tags?post=3989"}],"curies":[{"name":"wp","href":"https:\/\/api.w.org\/{rel}","templated":true}]}}